{"id":4667,"date":"2023-01-28T19:07:57","date_gmt":"2023-01-28T18:07:57","guid":{"rendered":"https:\/\/arnaud-delmarle.com\/?p=4667"},"modified":"2026-03-09T19:57:28","modified_gmt":"2026-03-09T18:57:28","slug":"pitch-margot-clermont","status":"publish","type":"post","link":"https:\/\/arnaud-delmarle.com\/index.php\/2023\/01\/28\/pitch-margot-clermont\/","title":{"rendered":"Pitch au festival de Clermont-Ferrand"},"content":{"rendered":"\t\t<div data-elementor-type=\"wp-page\" data-elementor-id=\"4667\" class=\"elementor elementor-4667\">\n\t\t\t\t<div class=\"elementor-element elementor-element-5328094 e-flex e-con-boxed e-con e-parent\" data-id=\"5328094\" data-element_type=\"container\" data-e-type=\"container\">\n\t\t\t\t\t<div class=\"e-con-inner\">\n\t\t\t\t\t<\/div>\n\t\t\t\t<\/div>\n\t\t<div class=\"elementor-element elementor-element-50b0e28 e-flex e-con-boxed e-con e-parent\" data-id=\"50b0e28\" data-element_type=\"container\" data-e-type=\"container\">\n\t\t\t\t\t<div class=\"e-con-inner\">\n\t\t\t\t<div class=\"elementor-element elementor-element-11ee704 elementor-widget elementor-widget-image\" data-id=\"11ee704\" data-element_type=\"widget\" data-e-type=\"widget\" data-widget_type=\"image.default\">\n\t\t\t\t<div class=\"elementor-widget-container\">\n\t\t\t\t\t\t\t\t\t\t\t\t\t\t\t<img fetchpriority=\"high\" decoding=\"async\" width=\"1024\" height=\"384\" src=\"https:\/\/arnaud-delmarle.com\/wp-content\/uploads\/2023\/11\/Margot_banniere_actualites_pitch_clermont-1024x384.jpg\" class=\"attachment-large size-large wp-image-2658\" alt=\"\" srcset=\"https:\/\/arnaud-delmarle.com\/wp-content\/uploads\/2023\/11\/Margot_banniere_actualites_pitch_clermont-1024x384.jpg 1024w, https:\/\/arnaud-delmarle.com\/wp-content\/uploads\/2023\/11\/Margot_banniere_actualites_pitch_clermont-300x113.jpg 300w, https:\/\/arnaud-delmarle.com\/wp-content\/uploads\/2023\/11\/Margot_banniere_actualites_pitch_clermont-768x288.jpg 768w, https:\/\/arnaud-delmarle.com\/wp-content\/uploads\/2023\/11\/Margot_banniere_actualites_pitch_clermont-1536x576.jpg 1536w, https:\/\/arnaud-delmarle.com\/wp-content\/uploads\/2023\/11\/Margot_banniere_actualites_pitch_clermont-200x75.jpg 200w, https:\/\/arnaud-delmarle.com\/wp-content\/uploads\/2023\/11\/Margot_banniere_actualites_pitch_clermont.jpg 1920w\" sizes=\"(max-width: 1024px) 100vw, 1024px\" \/>\t\t\t\t\t\t\t\t\t\t\t\t\t\t\t<\/div>\n\t\t\t\t<\/div>\n\t\t<div class=\"elementor-element elementor-element-8264036 e-con-full e-flex e-con e-child\" data-id=\"8264036\" data-element_type=\"container\" data-e-type=\"container\">\n\t\t\t\t<div class=\"elementor-element elementor-element-e6aff6b elementor-widget-mobile__width-initial elementor-widget elementor-widget-heading\" data-id=\"e6aff6b\" data-element_type=\"widget\" data-e-type=\"widget\" data-widget_type=\"heading.default\">\n\t\t\t\t<div class=\"elementor-widget-container\">\n\t\t\t\t\t<h2 class=\"elementor-heading-title elementor-size-medium\">Pitch | Festival du court-m\u00e9trage de Clermont-Ferrand<\/h2>\t\t\t\t<\/div>\n\t\t\t\t<\/div>\n\t\t\t\t<div class=\"elementor-element elementor-element-327744a elementor-widget elementor-widget-heading\" data-id=\"327744a\" data-element_type=\"widget\" data-e-type=\"widget\" data-widget_type=\"heading.default\">\n\t\t\t\t<div class=\"elementor-widget-container\">\n\t\t\t\t\t<h2 class=\"elementor-heading-title elementor-size-medium\">28 janvier - 4 f\u00e9vrier 2023<\/h2>\t\t\t\t<\/div>\n\t\t\t\t<\/div>\n\t\t\t\t<\/div>\n\t\t<div class=\"elementor-element elementor-element-ed4bc40 e-con-full e-flex e-con e-child\" data-id=\"ed4bc40\" data-element_type=\"container\" data-e-type=\"container\">\n\t\t<div class=\"elementor-element elementor-element-9092a28 e-con-full e-flex e-con e-child\" data-id=\"9092a28\" data-element_type=\"container\" data-e-type=\"container\">\n\t\t\t\t<\/div>\n\t\t<div class=\"elementor-element elementor-element-2a725b7 e-con-full e-flex e-con e-child\" data-id=\"2a725b7\" data-element_type=\"container\" data-e-type=\"container\">\n\t\t\t\t<div class=\"elementor-element elementor-element-05edca5 elementor-widget-mobile__width-initial elementor-widget__width-initial elementor-widget elementor-widget-text-editor\" data-id=\"05edca5\" data-element_type=\"widget\" data-e-type=\"widget\" data-widget_type=\"text-editor.default\">\n\t\t\t\t<div class=\"elementor-widget-container\">\n\t\t\t\t\t\t\t\t\t<p><span class=\"wixui-rich-text__text\">Gr\u00e2ce \u00e0 la r\u00e9gion Normandie dont je suis originaire, je suis tr\u00e8s heureux d&#8217;avoir pitch\u00e9 mon second projet de court-m\u00e9trage <a href=\"https:\/\/arnaud-delmarle.com\/index.php\/margot-project\/\"><span style=\"text-decoration: underline;\"><span class=\"color_41 wixui-rich-text__text\"><em>Margot<\/em><\/span><\/span><\/a> actuellement en \u00e9criture, au sein du march\u00e9 du film du festival. Cette exp\u00e9rience rendue possible gr\u00e2ce \u00e0 Normandie Images et au dispositif Talents Connexion m&#8217;a permis de vivre de fortes rencontres avec des producteurs.<br \/><\/span><\/p><p><span class=\"wixui-rich-text__text\">Et joie d&#8217;avoir rencontr\u00e9 des auteur.ice.s et r\u00e9alisateur.ice.s normand.e.s si int\u00e9ressants parmi les 6 laur\u00e9ats \u00e0 \u00eatre pr\u00e9sent\u00e9 par la r\u00e9gion au festival:<\/span><\/p><p><strong><span class=\"wixui-rich-text__text\">\u00b7<\/span> AMOUR AMANITE<\/strong> de H\u00e9l\u00e8ne Gaudu<br \/><strong><span class=\"wixui-rich-text__text\">\u00b7 <\/span>ENFANT PERDU<\/strong> de Uber Racunica<br \/><strong><span class=\"wixui-rich-text__text\">\u00b7<\/span> L&#8217;ILE DES ROIS<\/strong> de Arthur Shelton<br \/><strong><span class=\"wixui-rich-text__text\">\u00b7<\/span> LES CHIENS ABOIENT AUSSI<\/strong> de Michael Marques<br \/><strong><span class=\"wixui-rich-text__text\">\u00b7<\/span> MARGOT<\/strong> de Arnaud Delmarle<br \/><strong><span class=\"wixui-rich-text__text\">\u00b7<\/span> VOS L\u00c8VRES N\u00c9GLIGENTES<\/strong> de Maria Pinto<\/p>\t\t\t\t\t\t\t\t<\/div>\n\t\t\t\t<\/div>\n\t\t\t\t<\/div>\n\t\t<div class=\"elementor-element elementor-element-1ac2a95 e-con-full e-flex e-con e-child\" data-id=\"1ac2a95\" data-element_type=\"container\" data-e-type=\"container\">\n\t\t\t\t<\/div>\n\t\t<div class=\"elementor-element elementor-element-55e05a9 e-con-full e-flex e-con e-child\" data-id=\"55e05a9\" data-element_type=\"container\" data-e-type=\"container\">\n\t\t\t\t<div class=\"elementor-element elementor-element-1a88e76 elementor-widget elementor-widget-shortcode\" data-id=\"1a88e76\" data-element_type=\"widget\" data-e-type=\"widget\" data-widget_type=\"shortcode.default\">\n\t\t\t\t<div class=\"elementor-widget-container\">\n\t\t\t\t\t\t\t<div class=\"elementor-shortcode\"> <div class=\"_df_book df-lite\" id=\"df_4971\"  _slug=\"catalogue-projets-presentes-par-la-region-normandie\" data-title=\"catalogue-projets-presentes-par-la-region-normandie\" wpoptions=\"true\" thumbtype=\"\" ><\/div><script class=\"df-shortcode-script\" nowprocket type=\"application\/javascript\">window.option_df_4971 = {\"outline\":[],\"backgroundColor\":\"#ffffff\",\"autoEnableOutline\":\"false\",\"autoEnableThumbnail\":\"false\",\"overwritePDFOutline\":\"false\",\"direction\":\"1\",\"pageSize\":\"0\",\"soundEnable\":\"false\",\"source\":\"http:\\\/\\\/arnaud-delmarle.com\\\/wp-content\\\/uploads\\\/2026\\\/03\\\/Livret_ProjetsCM_RechercheProd.pdf\",\"wpOptions\":\"true\"}; if(window.DFLIP && window.DFLIP.parseBooks){window.DFLIP.parseBooks();}<\/script><\/div>\n\t\t\t\t\t\t<\/div>\n\t\t\t\t<\/div>\n\t\t\t\t<\/div>\n\t\t\t\t<\/div>\n\t\t\t\t<div class=\"elementor-element elementor-element-b4b7b88 elementor-arrows-position-inside elementor-pagination-position-outside elementor-widget elementor-widget-image-carousel\" data-id=\"b4b7b88\" data-element_type=\"widget\" data-e-type=\"widget\" data-settings=\"{&quot;slides_to_show&quot;:&quot;2&quot;,&quot;lazyload&quot;:&quot;yes&quot;,&quot;autoplay_speed&quot;:3000,&quot;navigation&quot;:&quot;both&quot;,&quot;autoplay&quot;:&quot;yes&quot;,&quot;pause_on_hover&quot;:&quot;yes&quot;,&quot;pause_on_interaction&quot;:&quot;yes&quot;,&quot;infinite&quot;:&quot;yes&quot;,&quot;speed&quot;:500}\" data-widget_type=\"image-carousel.default\">\n\t\t\t\t<div class=\"elementor-widget-container\">\n\t\t\t\t\t\t\t<div class=\"elementor-image-carousel-wrapper swiper\" role=\"region\" aria-roledescription=\"carousel\" aria-label=\"Image Carousel\" dir=\"ltr\">\n\t\t\t<div class=\"elementor-image-carousel swiper-wrapper\" aria-live=\"off\">\n\t\t\t\t\t\t\t\t<div class=\"swiper-slide\" role=\"group\" aria-roledescription=\"slide\" aria-label=\"1 of 3\"><a data-elementor-open-lightbox=\"yes\" data-elementor-lightbox-slideshow=\"b4b7b88\" data-e-action-hash=\"#elementor-action%3Aaction%3Dlightbox%26settings%3DeyJpZCI6NDY5NCwidXJsIjoiaHR0cHM6XC9cL2FybmF1ZC1kZWxtYXJsZS5jb21cL3dwLWNvbnRlbnRcL3VwbG9hZHNcLzIwMjNcLzExXC9JTUctOTY5Ny1zY2FsZWQuanBnIiwic2xpZGVzaG93IjoiYjRiN2I4OCJ9\" href=\"https:\/\/arnaud-delmarle.com\/wp-content\/uploads\/2023\/11\/IMG-9697-scaled.jpg\"><figure class=\"swiper-slide-inner\"><img class=\"swiper-slide-image swiper-lazy\" data-src=\"https:\/\/arnaud-delmarle.com\/wp-content\/uploads\/2023\/11\/IMG-9697-2048x1536.jpg\" alt=\"\" \/><div class=\"swiper-lazy-preloader\"><\/div><\/figure><\/a><\/div><div class=\"swiper-slide\" role=\"group\" aria-roledescription=\"slide\" aria-label=\"2 of 3\"><a data-elementor-open-lightbox=\"yes\" data-elementor-lightbox-slideshow=\"b4b7b88\" data-e-action-hash=\"#elementor-action%3Aaction%3Dlightbox%26settings%3DeyJpZCI6NDY5NSwidXJsIjoiaHR0cHM6XC9cL2FybmF1ZC1kZWxtYXJsZS5jb21cL3dwLWNvbnRlbnRcL3VwbG9hZHNcLzIwMjNcLzExXC9JTUctOTY5OC1zY2FsZWQuanBnIiwic2xpZGVzaG93IjoiYjRiN2I4OCJ9\" href=\"https:\/\/arnaud-delmarle.com\/wp-content\/uploads\/2023\/11\/IMG-9698-scaled.jpg\"><figure class=\"swiper-slide-inner\"><img class=\"swiper-slide-image swiper-lazy\" data-src=\"https:\/\/arnaud-delmarle.com\/wp-content\/uploads\/2023\/11\/IMG-9698-2048x1536.jpg\" alt=\"\" \/><div class=\"swiper-lazy-preloader\"><\/div><\/figure><\/a><\/div><div class=\"swiper-slide\" role=\"group\" aria-roledescription=\"slide\" aria-label=\"3 of 3\"><a data-elementor-open-lightbox=\"yes\" data-elementor-lightbox-slideshow=\"b4b7b88\" data-e-action-hash=\"#elementor-action%3Aaction%3Dlightbox%26settings%3DeyJpZCI6NDY5NiwidXJsIjoiaHR0cHM6XC9cL2FybmF1ZC1kZWxtYXJsZS5jb21cL3dwLWNvbnRlbnRcL3VwbG9hZHNcLzIwMjNcLzExXC9JTUctOTcwMC1zY2FsZWQuanBnIiwic2xpZGVzaG93IjoiYjRiN2I4OCJ9\" href=\"https:\/\/arnaud-delmarle.com\/wp-content\/uploads\/2023\/11\/IMG-9700-scaled.jpg\"><figure class=\"swiper-slide-inner\"><img class=\"swiper-slide-image swiper-lazy\" data-src=\"https:\/\/arnaud-delmarle.com\/wp-content\/uploads\/2023\/11\/IMG-9700-2048x1536.jpg\" alt=\"\" \/><div class=\"swiper-lazy-preloader\"><\/div><\/figure><\/a><\/div>\t\t\t<\/div>\n\t\t\t\t\t\t\t\t\t\t\t\t<div class=\"elementor-swiper-button elementor-swiper-button-prev\" role=\"button\" tabindex=\"0\">\n\t\t\t\t\t\t<i aria-hidden=\"true\" class=\"eicon-chevron-left\"><\/i>\t\t\t\t\t<\/div>\n\t\t\t\t\t<div class=\"elementor-swiper-button elementor-swiper-button-next\" role=\"button\" tabindex=\"0\">\n\t\t\t\t\t\t<i aria-hidden=\"true\" class=\"eicon-chevron-right\"><\/i>\t\t\t\t\t<\/div>\n\t\t\t\t\n\t\t\t\t\t\t\t\t\t<div class=\"swiper-pagination\"><\/div>\n\t\t\t\t\t\t\t\t\t<\/div>\n\t\t\t\t\t\t<\/div>\n\t\t\t\t<\/div>\n\t\t<div class=\"elementor-element elementor-element-ac0fa83 e-flex e-con-boxed e-con e-child\" data-id=\"ac0fa83\" data-element_type=\"container\" data-e-type=\"container\">\n\t\t\t\t\t<div class=\"e-con-inner\">\n\t\t\t\t\t<\/div>\n\t\t\t\t<\/div>\n\t\t<div class=\"elementor-element elementor-element-f31de88 e-con-full e-flex e-con e-child\" data-id=\"f31de88\" data-element_type=\"container\" data-e-type=\"container\">\n\t\t\t\t<div class=\"elementor-element elementor-element-51742a5 elementor-widget elementor-widget-heading\" data-id=\"51742a5\" data-element_type=\"widget\" data-e-type=\"widget\" data-widget_type=\"heading.default\">\n\t\t\t\t<div class=\"elementor-widget-container\">\n\t\t\t\t\t<h2 class=\"elementor-heading-title elementor-size-medium\">Posts r\u00e9cents<\/h2>\t\t\t\t<\/div>\n\t\t\t\t<\/div>\n\t\t\t\t<div class=\"elementor-element elementor-element-d8f4fa3 elementor-widget__width-initial elementor-widget-mobile__width-initial meta-visibility-show title_position_default title_hover_border_default title-default img_hover_animation_default meta_position_default readmore-btn-default-style grid-hover-overlay-type-always tpg-el-box-border-enable tpg-border-bottom-disable elementor-widget elementor-widget-tpg-grid-layout\" data-id=\"d8f4fa3\" data-element_type=\"widget\" data-e-type=\"widget\" data-widget_type=\"tpg-grid-layout.default\">\n\t\t\t\t<div class=\"elementor-widget-container\">\n\t\t\t\t\t\t\t<div class=\"rt-container-fluid rt-tpg-container tpg-el-main-wrapper clearfix grid-layout1-main \"\n\t\t\t id=\"rt-tpg-container-752964092\"\n\t\t\t data-layout=\"grid-layout1\"\n\t\t\t data-grid-style=\"tpg-full-height\"\n\t\t\t data-sc-id=\"elementor\"\n\t\t\t data-el-settings=''\n\t\t\t data-el-query=''\n\t\t\t data-el-path=''\n\t\t>\n\t\t\t\t\t\t<div class='tpg-header-wrapper '>\n\t\t\t\t\t\t\t<\/div>\n\n\t\t\t<div data-title=\"Loading ...\" class=\"rt-row rt-content-loader grid-layout1 grid-behaviour tpg-full-height grid_layout_wrapper\">\n\t\t\t\t<div class=\"rt-col-md-6 rt-col-sm-6 rt-col-xs-12 default rt-grid-item post-6045 post type-post status-publish format-standard has-post-thumbnail hentry category-blog\"        data-id=\"6045\">\n    <div class=\"rt-holder tpg-post-holder \">\n        <div class=\"rt-detail rt-el-content-wrapper\">\n\t\t\t                <div class=\"rt-img-holder tpg-el-image-wrap has-thumbnail\">\n\t\t\t\t\t<a data-id=\"6045\" href=\"https:\/\/arnaud-delmarle.com\/index.php\/2025\/04\/25\/selection-festival-de-cabourg\/\" class=\"tpg-post-link\" target=\"_self\">                        <img decoding=\"async\" src=\"https:\/\/arnaud-delmarle.com\/wp-content\/uploads\/2025\/05\/cabourg-site-actu-768x576.jpg\"\n                             class=\"rt-img-responsive\"\n                             width=\"768\"\n                             height=\"576\"\n                             alt=\"S\u00e9lection comp\u00e9tition au Festival du film romantique de Cabourg 2025 | Le GREC\">\n                        \n                            \n        <\/a>\n                <div class=\"overlay grid-hover-content\"><\/div>\n                        <\/div>\n\t\t\t\n\t\t\t<div class=\"entry-title-wrapper\"><h3 class=\"entry-title\"><a data-id=\"6045\" href=\"https:\/\/arnaud-delmarle.com\/index.php\/2025\/04\/25\/selection-festival-de-cabourg\/\" class=\"tpg-post-link\" target=\"_self\">S\u00e9lection comp\u00e9tition au Festival du film romantique de Cabourg 2025 | Le GREC<\/a><\/h3><\/div>\n\t\t\t                <div class=\"post-meta-tags rt-el-post-meta\">\n\t\t\t\t\t            <span class='date'>\n\t\t\t\t                                    <a href=\"https:\/\/arnaud-delmarle.com\/index.php\/2025\/04\/25\/\">\n\t\t\t\t\t25 April 2025\t\t\t\t<\/a>\n                \t\t\t<\/span>\n                            <\/div>\n\t\t\t\n\n\t\t\t                <div class=\"tpg-excerpt tpg-el-excerpt\">\n\t\t\t\t\t                        <div class=\"tpg-excerpt-inner\">\n\t\t\t\t\t\t\tJ\u2019ai le plaisir de vous annoncer que Big Boys Don\u2019t Cry est en comp\u00e9tition \u00e0 la 39\u1d49 \u00e9dition du Festival du Film de Cabourg 2025...                        <\/div>\n\t\t\t\t\t\t\t\t\t\t                <\/div>\n\t\t\t\n\t\t\t        <div class=\"post-footer\">\n            <div class=\"post-footer\">\n                <div class=\"read-more\">\n                    <a data-id=\"6045\" href=\"https:\/\/arnaud-delmarle.com\/index.php\/2025\/04\/25\/selection-festival-de-cabourg\/\" class=\"tpg-post-link\" target=\"_self\">En lire plus<i aria-hidden=\"true\" class=\"right-icon far fa-arrow-alt-circle-right\"><\/i><\/a>                <\/div>\n            <\/div>\n        <\/div>\n                <\/div>\n    <\/div>\n<\/div>\n<div class=\"rt-col-md-6 rt-col-sm-6 rt-col-xs-12 default rt-grid-item post-6042 post type-post status-publish format-standard has-post-thumbnail hentry category-blog\"        data-id=\"6042\">\n    <div class=\"rt-holder tpg-post-holder \">\n        <div class=\"rt-detail rt-el-content-wrapper\">\n\t\t\t                <div class=\"rt-img-holder tpg-el-image-wrap has-thumbnail\">\n\t\t\t\t\t<a data-id=\"6042\" href=\"https:\/\/arnaud-delmarle.com\/index.php\/2025\/04\/17\/prix-du-public-montlucon\/\" class=\"tpg-post-link\" target=\"_self\">                        <img decoding=\"async\" src=\"https:\/\/arnaud-delmarle.com\/wp-content\/uploads\/2025\/05\/montlucon-actu-prix-site-768x576.jpg\"\n                             class=\"rt-img-responsive\"\n                             width=\"768\"\n                             height=\"576\"\n                             alt=\"Prix du public au festival cin\u00e9 en herbe de Montlu\u00e7on pour les Big Boys\">\n                        \n                            \n        <\/a>\n                <div class=\"overlay grid-hover-content\"><\/div>\n                        <\/div>\n\t\t\t\n\t\t\t<div class=\"entry-title-wrapper\"><h3 class=\"entry-title\"><a data-id=\"6042\" href=\"https:\/\/arnaud-delmarle.com\/index.php\/2025\/04\/17\/prix-du-public-montlucon\/\" class=\"tpg-post-link\" target=\"_self\">Prix du public au festival cin\u00e9 en herbe de Montlu\u00e7on pour les Big Boys<\/a><\/h3><\/div>\n\t\t\t                <div class=\"post-meta-tags rt-el-post-meta\">\n\t\t\t\t\t            <span class='date'>\n\t\t\t\t                                    <a href=\"https:\/\/arnaud-delmarle.com\/index.php\/2025\/04\/17\/\">\n\t\t\t\t\t17 April 2025\t\t\t\t<\/a>\n                \t\t\t<\/span>\n                            <\/div>\n\t\t\t\n\n\t\t\t                <div class=\"tpg-excerpt tpg-el-excerpt\">\n\t\t\t\t\t                        <div class=\"tpg-excerpt-inner\">\n\t\t\t\t\t\t\tJe suis tr\u00e8s heureux de vous annoncer que Big Boys Don\u2019t Cry remporte le Prix du Public au festival Cin\u00e9 en herbe de Montlu\u00e7on 2025...                        <\/div>\n\t\t\t\t\t\t\t\t\t\t                <\/div>\n\t\t\t\n\t\t\t        <div class=\"post-footer\">\n            <div class=\"post-footer\">\n                <div class=\"read-more\">\n                    <a data-id=\"6042\" href=\"https:\/\/arnaud-delmarle.com\/index.php\/2025\/04\/17\/prix-du-public-montlucon\/\" class=\"tpg-post-link\" target=\"_self\">En lire plus<i aria-hidden=\"true\" class=\"right-icon far fa-arrow-alt-circle-right\"><\/i><\/a>                <\/div>\n            <\/div>\n        <\/div>\n                <\/div>\n    <\/div>\n<\/div>\n<div class=\"rt-col-md-6 rt-col-sm-6 rt-col-xs-12 default rt-grid-item post-6043 post type-post status-publish format-standard has-post-thumbnail hentry category-blog\"        data-id=\"6043\">\n    <div class=\"rt-holder tpg-post-holder \">\n        <div class=\"rt-detail rt-el-content-wrapper\">\n\t\t\t                <div class=\"rt-img-holder tpg-el-image-wrap has-thumbnail\">\n\t\t\t\t\t<a data-id=\"6043\" href=\"https:\/\/arnaud-delmarle.com\/index.php\/2025\/03\/18\/selection-cote-court-pantin-2025\/\" class=\"tpg-post-link\" target=\"_self\">                        <img loading=\"lazy\" decoding=\"async\" src=\"https:\/\/arnaud-delmarle.com\/wp-content\/uploads\/2025\/05\/pantin_actu_site-1-768x576.jpg\"\n                             class=\"rt-img-responsive\"\n                             width=\"768\"\n                             height=\"576\"\n                             alt=\"S\u00e9lection comp\u00e9tition au Festival C\u00f4t\u00e9 court de Pantin 2025 | Le GREC\">\n                        \n                            \n        <\/a>\n                <div class=\"overlay grid-hover-content\"><\/div>\n                        <\/div>\n\t\t\t\n\t\t\t<div class=\"entry-title-wrapper\"><h3 class=\"entry-title\"><a data-id=\"6043\" href=\"https:\/\/arnaud-delmarle.com\/index.php\/2025\/03\/18\/selection-cote-court-pantin-2025\/\" class=\"tpg-post-link\" target=\"_self\">S\u00e9lection comp\u00e9tition au Festival C\u00f4t\u00e9 court de Pantin 2025 | Le GREC<\/a><\/h3><\/div>\n\t\t\t                <div class=\"post-meta-tags rt-el-post-meta\">\n\t\t\t\t\t            <span class='date'>\n\t\t\t\t                                    <a href=\"https:\/\/arnaud-delmarle.com\/index.php\/2025\/03\/18\/\">\n\t\t\t\t\t18 March 2025\t\t\t\t<\/a>\n                \t\t\t<\/span>\n                            <\/div>\n\t\t\t\n\n\t\t\t                <div class=\"tpg-excerpt tpg-el-excerpt\">\n\t\t\t\t\t                        <div class=\"tpg-excerpt-inner\">\n\t\t\t\t\t\t\tTr\u00e8s fier de vous annoncer que Big Boys Don't Cry est s\u00e9lectionn\u00e9 en comp\u00e9tition fiction au festival C\u00f4t\u00e9 Court Pantin 2025...                        <\/div>\n\t\t\t\t\t\t\t\t\t\t                <\/div>\n\t\t\t\n\t\t\t        <div class=\"post-footer\">\n            <div class=\"post-footer\">\n                <div class=\"read-more\">\n                    <a data-id=\"6043\" href=\"https:\/\/arnaud-delmarle.com\/index.php\/2025\/03\/18\/selection-cote-court-pantin-2025\/\" class=\"tpg-post-link\" target=\"_self\">En lire plus<i aria-hidden=\"true\" class=\"right-icon far fa-arrow-alt-circle-right\"><\/i><\/a>                <\/div>\n            <\/div>\n        <\/div>\n                <\/div>\n    <\/div>\n<\/div>\n<div class=\"rt-col-md-6 rt-col-sm-6 rt-col-xs-12 default rt-grid-item post-6152 post type-post status-publish format-standard has-post-thumbnail hentry category-blog\"        data-id=\"6152\">\n    <div class=\"rt-holder tpg-post-holder \">\n        <div class=\"rt-detail rt-el-content-wrapper\">\n\t\t\t                <div class=\"rt-img-holder tpg-el-image-wrap has-thumbnail\">\n\t\t\t\t\t<a data-id=\"6152\" href=\"https:\/\/arnaud-delmarle.com\/index.php\/2025\/02\/09\/mention-speciale-du-jury-queer-2025\/\" class=\"tpg-post-link\" target=\"_self\">                        <img loading=\"lazy\" decoding=\"async\" src=\"https:\/\/arnaud-delmarle.com\/wp-content\/uploads\/2025\/05\/clermont-prix-BBDC-1-768x576.jpg\"\n                             class=\"rt-img-responsive\"\n                             width=\"768\"\n                             height=\"576\"\n                             alt=\"Prix mention sp\u00e9ciale du jury queer m\u00e9trage au Festival du court m\u00e9trage de Clermont-Ferrand 2025\">\n                        \n                            \n        <\/a>\n                <div class=\"overlay grid-hover-content\"><\/div>\n                        <\/div>\n\t\t\t\n\t\t\t<div class=\"entry-title-wrapper\"><h3 class=\"entry-title\"><a data-id=\"6152\" href=\"https:\/\/arnaud-delmarle.com\/index.php\/2025\/02\/09\/mention-speciale-du-jury-queer-2025\/\" class=\"tpg-post-link\" target=\"_self\">Prix mention sp\u00e9ciale du jury queer m\u00e9trage au Festival du court m\u00e9trage de Clermont-Ferrand 2025<\/a><\/h3><\/div>\n\t\t\t                <div class=\"post-meta-tags rt-el-post-meta\">\n\t\t\t\t\t            <span class='date'>\n\t\t\t\t                                    <a href=\"https:\/\/arnaud-delmarle.com\/index.php\/2025\/02\/09\/\">\n\t\t\t\t\t9 February 2025\t\t\t\t<\/a>\n                \t\t\t<\/span>\n                            <\/div>\n\t\t\t\n\n\t\t\t                <div class=\"tpg-excerpt tpg-el-excerpt\">\n\t\t\t\t\t                        <div class=\"tpg-excerpt-inner\">\n\t\t\t\t\t\t\tIncroyable ! Big Boys Don't Cry remporte la mention sp\u00e9ciale du jury queer m\u00e9trage au festival international du court m\u00e9trage de Clermont-Ferrand 2025 !...                        <\/div>\n\t\t\t\t\t\t\t\t\t\t                <\/div>\n\t\t\t\n\t\t\t        <div class=\"post-footer\">\n            <div class=\"post-footer\">\n                <div class=\"read-more\">\n                    <a data-id=\"6152\" href=\"https:\/\/arnaud-delmarle.com\/index.php\/2025\/02\/09\/mention-speciale-du-jury-queer-2025\/\" class=\"tpg-post-link\" target=\"_self\">En lire plus<i aria-hidden=\"true\" class=\"right-icon far fa-arrow-alt-circle-right\"><\/i><\/a>                <\/div>\n            <\/div>\n        <\/div>\n                <\/div>\n    <\/div>\n<\/div>\n\t\t\t<\/div>\n\t\t\t\n\t\t<\/div>\n\t\t\t\t\t\t<\/div>\n\t\t\t\t<\/div>\n\t\t\t\t<\/div>\n\t\t\t\t\t<\/div>\n\t\t\t\t<\/div>\n\t\t<div class=\"elementor-element elementor-element-114125b elementor-hidden-tablet e-flex e-con-boxed e-con e-parent\" data-id=\"114125b\" data-element_type=\"container\" data-e-type=\"container\">\n\t\t\t\t\t<div class=\"e-con-inner\">\n\t\t\t\t<div class=\"elementor-element elementor-element-4bc8b69 elementor-hidden-desktop elementor-hidden-tablet elementor-hidden-mobile elementor-widget elementor-widget-prime-slider-rubix\" data-id=\"4bc8b69\" data-element_type=\"widget\" data-e-type=\"widget\" data-widget_type=\"prime-slider-rubix.default\">\n\t\t\t\t<div class=\"elementor-widget-container\">\n\t\t\t\t\t\n\t\t\t\t\t\t<div class=\"bdt-prime-slider-rubix\">\n\t\t\t<div id=\"bdt-prime-slider-4bc8b69\" class=\"bdt-rubix-slider elementor-swiper bdt-slide-style-1\" data-settings=\"{&quot;autoplay&quot;:{&quot;delay&quot;:8000},&quot;loop&quot;:true,&quot;speed&quot;:900,&quot;slidesPerView&quot;:1,&quot;slidesPerGroup&quot;:1,&quot;loopedSlides&quot;:4,&quot;centeredSlides&quot;:true,&quot;effect&quot;:&quot;slide&quot;,&quot;parallax&quot;:true,&quot;breakpoints&quot;:{&quot;768&quot;:{&quot;slidesPerView&quot;:1,&quot;slidesPerGroup&quot;:1},&quot;1024&quot;:{&quot;slidesPerView&quot;:2,&quot;slidesPerGroup&quot;:1}},&quot;navigation&quot;:{&quot;nextEl&quot;:&quot;#bdt-prime-slider-4bc8b69 .bdt-navigation-next&quot;,&quot;prevEl&quot;:&quot;#bdt-prime-slider-4bc8b69 .bdt-navigation-prev&quot;},&quot;lazy&quot;:{&quot;loadPrevNext&quot;:&quot;true&quot;},&quot;thumbs&quot;:{&quot;swiper&quot;:{&quot;el&quot;:&quot;#bdt-prime-slider-4bc8b69 .bdt-thumb-slider&quot;,&quot;slidesPerView&quot;:2,&quot;spaceBetween&quot;:10,&quot;watchSlidesVisibility&quot;:true,&quot;watchSlidesProgress&quot;:true,&quot;slideToClickedSlide&quot;:true,&quot;observer&quot;:false,&quot;observeParents&quot;:false,&quot;loop&quot;:true,&quot;speed&quot;:900,&quot;scrollbar&quot;:{&quot;el&quot;:&quot;#bdt-prime-slider-4bc8b69 .swiper-scrollbar&quot;,&quot;draggable&quot;:true},&quot;breakpoints&quot;:{&quot;768&quot;:{&quot;slidesPerView&quot;:3,&quot;spaceBetween&quot;:15}}}}}\">\n\t\t\t\t<div class=\"bdt-main-slider swiper\" role=\"region\" aria-roledescription=\"carousel\" aria-label=\"Rubix Slider\" dir=\"ltr\">\n\t\t\t\t\t<div class=\"swiper-wrapper\">\n\t\t\t\t\t\t\n\t\t\t\t<div class=\"bdt-item  swiper-slide\">\n\t\t\t\t\t<div class=\"bdt-slider-progress\"><\/div>\n\t\t\t\t\t<div class=\"bdt-img-wrap\">\n\t\t\t\t\t\t<img loading=\"lazy\" decoding=\"async\" width=\"2560\" height=\"1920\" src=\"https:\/\/arnaud-delmarle.com\/wp-content\/uploads\/2025\/05\/cabourg-site-actu-scaled.jpg\" class=\"bdt-img swiper-lazy\" alt=\"S\u00e9lection comp\u00e9tition au Festival du film romantique de Cabourg 2025 | Le GREC\" srcset=\"https:\/\/arnaud-delmarle.com\/wp-content\/uploads\/2025\/05\/cabourg-site-actu-scaled.jpg 2560w, https:\/\/arnaud-delmarle.com\/wp-content\/uploads\/2025\/05\/cabourg-site-actu-300x225.jpg 300w, https:\/\/arnaud-delmarle.com\/wp-content\/uploads\/2025\/05\/cabourg-site-actu-1024x768.jpg 1024w, https:\/\/arnaud-delmarle.com\/wp-content\/uploads\/2025\/05\/cabourg-site-actu-768x576.jpg 768w, https:\/\/arnaud-delmarle.com\/wp-content\/uploads\/2025\/05\/cabourg-site-actu-1536x1152.jpg 1536w, https:\/\/arnaud-delmarle.com\/wp-content\/uploads\/2025\/05\/cabourg-site-actu-2048x1536.jpg 2048w, https:\/\/arnaud-delmarle.com\/wp-content\/uploads\/2025\/05\/cabourg-site-actu-200x150.jpg 200w, https:\/\/arnaud-delmarle.com\/wp-content\/uploads\/2025\/05\/cabourg-site-actu-500x375.jpg 500w, https:\/\/arnaud-delmarle.com\/wp-content\/uploads\/2025\/05\/cabourg-site-actu-800x600.jpg 800w, https:\/\/arnaud-delmarle.com\/wp-content\/uploads\/2025\/05\/cabourg-site-actu-1280x960.jpg 1280w, https:\/\/arnaud-delmarle.com\/wp-content\/uploads\/2025\/05\/cabourg-site-actu-1920x1440.jpg 1920w\" sizes=\"(max-width: 2560px) 100vw, 2560px\" \/>\t\t\t\t\t\t\t\t\t\t\t\t\t<div class=\"bdt-read-more\">\n\t\t\t\t\t\t\t\t<a data-reveal=\"reveal-active\" href=\"https:\/\/arnaud-delmarle.com\/index.php\/2025\/04\/25\/selection-festival-de-cabourg\/\">\n\t\t\t\t\t\t\t\t\t<i class=\"ps-wi-link\"><\/i>\n\t\t\t\t\t\t\t\t\t<span>\n\t\t\t\t\t\t\t\t\t\tEn lire plus\t\t\t\t\t\t\t\t\t<\/span>\n\t\t\t\t\t\t\t\t<\/a>\n\t\t\t\t\t\t\t<\/div>\n\t\t\t\t\t\t\t\t\t\t\t<\/div>\n\t\t\t\t\t<div class=\"bdt-content\">\n\t\t\t\t\t\t\t\t\t\t\t\t<h3 class=\"bdt-title\" data-reveal=\"reveal-active\">\n\t\t\t\t<a href=\"https:\/\/arnaud-delmarle.com\/index.php\/2025\/04\/25\/selection-festival-de-cabourg\/\" title=\"S\u00e9lection comp\u00e9tition au Festival du film romantique de Cabourg 2025 | Le GREC\">S\u00e9lection comp\u00e9tition au Festival du film romantique de Cabourg 2025 | Le GREC<\/a>\n\t\t\t<\/h3>\t\t\t\t\t\t\t\t<div class=\"bdt-text\" data-reveal=\"reveal-active\">\n\t\t\t<p>J\u2019ai le plaisir de vous annoncer que Big Boys Don\u2019t Cry est en comp\u00e9tition \u00e0 la 39\u1d49 \u00e9dition du Festival du Film de Cabourg 2025.<\/p>\n\t\t<\/div>\n\t\t\n\t\t\t\t\t\t\t\t\t\t\t\t\t<div class=\"bdt-meta bdt-flex-inline\" data-reveal=\"reveal-active\">\n\t\t\t\t\t\t\t\t\t\t<div class=\"bdt-date-time\">\n\t\t\t<div class=\"bdt-date\">\n\t\t\t\t<i class=\"ps-wi-calendar\" aria-hidden=\"true\"><\/i>\n\t\t\t\t<span>\n\t\t\t\t\t25 April 2025\t\t\t\t<\/span>\n\n\t\t\t<\/div>\n\t\t\t\t\t<\/div>\n\n\t\t\t\t\t\t\t\t\t<\/div>\n\t\t\t\t\t\t\t\t\t\t\t<\/div>\n\t\t\t\t<\/div>\n\n\t\t\t\t\n\t\t\t\t<div class=\"bdt-item  swiper-slide\">\n\t\t\t\t\t<div class=\"bdt-slider-progress\"><\/div>\n\t\t\t\t\t<div class=\"bdt-img-wrap\">\n\t\t\t\t\t\t<img loading=\"lazy\" decoding=\"async\" width=\"2560\" height=\"1920\" src=\"https:\/\/arnaud-delmarle.com\/wp-content\/uploads\/2025\/05\/montlucon-actu-prix-site-scaled.jpg\" class=\"bdt-img swiper-lazy\" alt=\"Prix du public au festival cin\u00e9 en herbe de Montlu\u00e7on pour les Big Boys\" srcset=\"https:\/\/arnaud-delmarle.com\/wp-content\/uploads\/2025\/05\/montlucon-actu-prix-site-scaled.jpg 2560w, https:\/\/arnaud-delmarle.com\/wp-content\/uploads\/2025\/05\/montlucon-actu-prix-site-300x225.jpg 300w, https:\/\/arnaud-delmarle.com\/wp-content\/uploads\/2025\/05\/montlucon-actu-prix-site-1024x768.jpg 1024w, https:\/\/arnaud-delmarle.com\/wp-content\/uploads\/2025\/05\/montlucon-actu-prix-site-768x576.jpg 768w, https:\/\/arnaud-delmarle.com\/wp-content\/uploads\/2025\/05\/montlucon-actu-prix-site-1536x1152.jpg 1536w, https:\/\/arnaud-delmarle.com\/wp-content\/uploads\/2025\/05\/montlucon-actu-prix-site-2048x1536.jpg 2048w, https:\/\/arnaud-delmarle.com\/wp-content\/uploads\/2025\/05\/montlucon-actu-prix-site-200x150.jpg 200w, https:\/\/arnaud-delmarle.com\/wp-content\/uploads\/2025\/05\/montlucon-actu-prix-site-500x375.jpg 500w, https:\/\/arnaud-delmarle.com\/wp-content\/uploads\/2025\/05\/montlucon-actu-prix-site-800x600.jpg 800w, https:\/\/arnaud-delmarle.com\/wp-content\/uploads\/2025\/05\/montlucon-actu-prix-site-1280x960.jpg 1280w, https:\/\/arnaud-delmarle.com\/wp-content\/uploads\/2025\/05\/montlucon-actu-prix-site-1920x1440.jpg 1920w\" sizes=\"(max-width: 2560px) 100vw, 2560px\" \/>\t\t\t\t\t\t\t\t\t\t\t\t\t<div class=\"bdt-read-more\">\n\t\t\t\t\t\t\t\t<a data-reveal=\"reveal-active\" href=\"https:\/\/arnaud-delmarle.com\/index.php\/2025\/04\/17\/prix-du-public-montlucon\/\">\n\t\t\t\t\t\t\t\t\t<i class=\"ps-wi-link\"><\/i>\n\t\t\t\t\t\t\t\t\t<span>\n\t\t\t\t\t\t\t\t\t\tEn lire plus\t\t\t\t\t\t\t\t\t<\/span>\n\t\t\t\t\t\t\t\t<\/a>\n\t\t\t\t\t\t\t<\/div>\n\t\t\t\t\t\t\t\t\t\t\t<\/div>\n\t\t\t\t\t<div class=\"bdt-content\">\n\t\t\t\t\t\t\t\t\t\t\t\t<h3 class=\"bdt-title\" data-reveal=\"reveal-active\">\n\t\t\t\t<a href=\"https:\/\/arnaud-delmarle.com\/index.php\/2025\/04\/17\/prix-du-public-montlucon\/\" title=\"Prix du public au festival cin\u00e9 en herbe de Montlu\u00e7on pour les Big Boys\">Prix du public au festival cin\u00e9 en herbe de Montlu\u00e7on pour les Big Boys<\/a>\n\t\t\t<\/h3>\t\t\t\t\t\t\t\t<div class=\"bdt-text\" data-reveal=\"reveal-active\">\n\t\t\t<p>Je suis tr\u00e8s heureux de vous annoncer que Big Boys Don\u2019t Cry remporte le Prix du Public au festival Cin\u00e9 en herbe de Montlu\u00e7on 2025.<\/p>\n\t\t<\/div>\n\t\t\n\t\t\t\t\t\t\t\t\t\t\t\t\t<div class=\"bdt-meta bdt-flex-inline\" data-reveal=\"reveal-active\">\n\t\t\t\t\t\t\t\t\t\t<div class=\"bdt-date-time\">\n\t\t\t<div class=\"bdt-date\">\n\t\t\t\t<i class=\"ps-wi-calendar\" aria-hidden=\"true\"><\/i>\n\t\t\t\t<span>\n\t\t\t\t\t17 April 2025\t\t\t\t<\/span>\n\n\t\t\t<\/div>\n\t\t\t\t\t<\/div>\n\n\t\t\t\t\t\t\t\t\t<\/div>\n\t\t\t\t\t\t\t\t\t\t\t<\/div>\n\t\t\t\t<\/div>\n\n\t\t\t\t\n\t\t\t\t<div class=\"bdt-item  swiper-slide\">\n\t\t\t\t\t<div class=\"bdt-slider-progress\"><\/div>\n\t\t\t\t\t<div class=\"bdt-img-wrap\">\n\t\t\t\t\t\t<img loading=\"lazy\" decoding=\"async\" width=\"2560\" height=\"1920\" src=\"https:\/\/arnaud-delmarle.com\/wp-content\/uploads\/2025\/05\/pantin_actu_site-1-scaled.jpg\" class=\"bdt-img swiper-lazy\" alt=\"S\u00e9lection comp\u00e9tition au Festival C\u00f4t\u00e9 court de Pantin 2025 | Le GREC\" srcset=\"https:\/\/arnaud-delmarle.com\/wp-content\/uploads\/2025\/05\/pantin_actu_site-1-scaled.jpg 2560w, https:\/\/arnaud-delmarle.com\/wp-content\/uploads\/2025\/05\/pantin_actu_site-1-300x225.jpg 300w, https:\/\/arnaud-delmarle.com\/wp-content\/uploads\/2025\/05\/pantin_actu_site-1-1024x768.jpg 1024w, https:\/\/arnaud-delmarle.com\/wp-content\/uploads\/2025\/05\/pantin_actu_site-1-768x576.jpg 768w, https:\/\/arnaud-delmarle.com\/wp-content\/uploads\/2025\/05\/pantin_actu_site-1-1536x1152.jpg 1536w, https:\/\/arnaud-delmarle.com\/wp-content\/uploads\/2025\/05\/pantin_actu_site-1-2048x1536.jpg 2048w, https:\/\/arnaud-delmarle.com\/wp-content\/uploads\/2025\/05\/pantin_actu_site-1-200x150.jpg 200w, https:\/\/arnaud-delmarle.com\/wp-content\/uploads\/2025\/05\/pantin_actu_site-1-500x375.jpg 500w, https:\/\/arnaud-delmarle.com\/wp-content\/uploads\/2025\/05\/pantin_actu_site-1-800x600.jpg 800w, https:\/\/arnaud-delmarle.com\/wp-content\/uploads\/2025\/05\/pantin_actu_site-1-1280x960.jpg 1280w, https:\/\/arnaud-delmarle.com\/wp-content\/uploads\/2025\/05\/pantin_actu_site-1-1920x1440.jpg 1920w\" sizes=\"(max-width: 2560px) 100vw, 2560px\" \/>\t\t\t\t\t\t\t\t\t\t\t\t\t<div class=\"bdt-read-more\">\n\t\t\t\t\t\t\t\t<a data-reveal=\"reveal-active\" href=\"https:\/\/arnaud-delmarle.com\/index.php\/2025\/03\/18\/selection-cote-court-pantin-2025\/\">\n\t\t\t\t\t\t\t\t\t<i class=\"ps-wi-link\"><\/i>\n\t\t\t\t\t\t\t\t\t<span>\n\t\t\t\t\t\t\t\t\t\tEn lire plus\t\t\t\t\t\t\t\t\t<\/span>\n\t\t\t\t\t\t\t\t<\/a>\n\t\t\t\t\t\t\t<\/div>\n\t\t\t\t\t\t\t\t\t\t\t<\/div>\n\t\t\t\t\t<div class=\"bdt-content\">\n\t\t\t\t\t\t\t\t\t\t\t\t<h3 class=\"bdt-title\" data-reveal=\"reveal-active\">\n\t\t\t\t<a href=\"https:\/\/arnaud-delmarle.com\/index.php\/2025\/03\/18\/selection-cote-court-pantin-2025\/\" title=\"S\u00e9lection comp\u00e9tition au Festival C\u00f4t\u00e9 court de Pantin 2025 | Le GREC\">S\u00e9lection comp\u00e9tition au Festival C\u00f4t\u00e9 court de Pantin 2025 | Le GREC<\/a>\n\t\t\t<\/h3>\t\t\t\t\t\t\t\t<div class=\"bdt-text\" data-reveal=\"reveal-active\">\n\t\t\t<p>Tr\u00e8s fier de vous annoncer que Big Boys Don&#8217;t Cry est s\u00e9lectionn\u00e9 en comp\u00e9tition fiction au festival C\u00f4t\u00e9 Court Pantin 2025<\/p>\n\t\t<\/div>\n\t\t\n\t\t\t\t\t\t\t\t\t\t\t\t\t<div class=\"bdt-meta bdt-flex-inline\" data-reveal=\"reveal-active\">\n\t\t\t\t\t\t\t\t\t\t<div class=\"bdt-date-time\">\n\t\t\t<div class=\"bdt-date\">\n\t\t\t\t<i class=\"ps-wi-calendar\" aria-hidden=\"true\"><\/i>\n\t\t\t\t<span>\n\t\t\t\t\t18 March 2025\t\t\t\t<\/span>\n\n\t\t\t<\/div>\n\t\t\t\t\t<\/div>\n\n\t\t\t\t\t\t\t\t\t<\/div>\n\t\t\t\t\t\t\t\t\t\t\t<\/div>\n\t\t\t\t<\/div>\n\n\t\t\t\t\n\t\t\t\t<div class=\"bdt-item  swiper-slide\">\n\t\t\t\t\t<div class=\"bdt-slider-progress\"><\/div>\n\t\t\t\t\t<div class=\"bdt-img-wrap\">\n\t\t\t\t\t\t<img loading=\"lazy\" decoding=\"async\" width=\"2560\" height=\"1920\" src=\"https:\/\/arnaud-delmarle.com\/wp-content\/uploads\/2025\/05\/clermont-prix-BBDC-1-scaled.jpg\" class=\"bdt-img swiper-lazy\" alt=\"Prix mention sp\u00e9ciale du jury queer m\u00e9trage au Festival du court m\u00e9trage de Clermont-Ferrand 2025\" srcset=\"https:\/\/arnaud-delmarle.com\/wp-content\/uploads\/2025\/05\/clermont-prix-BBDC-1-scaled.jpg 2560w, https:\/\/arnaud-delmarle.com\/wp-content\/uploads\/2025\/05\/clermont-prix-BBDC-1-300x225.jpg 300w, https:\/\/arnaud-delmarle.com\/wp-content\/uploads\/2025\/05\/clermont-prix-BBDC-1-1024x768.jpg 1024w, https:\/\/arnaud-delmarle.com\/wp-content\/uploads\/2025\/05\/clermont-prix-BBDC-1-768x576.jpg 768w, https:\/\/arnaud-delmarle.com\/wp-content\/uploads\/2025\/05\/clermont-prix-BBDC-1-1536x1152.jpg 1536w, https:\/\/arnaud-delmarle.com\/wp-content\/uploads\/2025\/05\/clermont-prix-BBDC-1-2048x1536.jpg 2048w, https:\/\/arnaud-delmarle.com\/wp-content\/uploads\/2025\/05\/clermont-prix-BBDC-1-200x150.jpg 200w, https:\/\/arnaud-delmarle.com\/wp-content\/uploads\/2025\/05\/clermont-prix-BBDC-1-500x375.jpg 500w, https:\/\/arnaud-delmarle.com\/wp-content\/uploads\/2025\/05\/clermont-prix-BBDC-1-800x600.jpg 800w, https:\/\/arnaud-delmarle.com\/wp-content\/uploads\/2025\/05\/clermont-prix-BBDC-1-1280x960.jpg 1280w, https:\/\/arnaud-delmarle.com\/wp-content\/uploads\/2025\/05\/clermont-prix-BBDC-1-1920x1440.jpg 1920w\" sizes=\"(max-width: 2560px) 100vw, 2560px\" \/>\t\t\t\t\t\t\t\t\t\t\t\t\t<div class=\"bdt-read-more\">\n\t\t\t\t\t\t\t\t<a data-reveal=\"reveal-active\" href=\"https:\/\/arnaud-delmarle.com\/index.php\/2025\/02\/09\/mention-speciale-du-jury-queer-2025\/\">\n\t\t\t\t\t\t\t\t\t<i class=\"ps-wi-link\"><\/i>\n\t\t\t\t\t\t\t\t\t<span>\n\t\t\t\t\t\t\t\t\t\tEn lire plus\t\t\t\t\t\t\t\t\t<\/span>\n\t\t\t\t\t\t\t\t<\/a>\n\t\t\t\t\t\t\t<\/div>\n\t\t\t\t\t\t\t\t\t\t\t<\/div>\n\t\t\t\t\t<div class=\"bdt-content\">\n\t\t\t\t\t\t\t\t\t\t\t\t<h3 class=\"bdt-title\" data-reveal=\"reveal-active\">\n\t\t\t\t<a href=\"https:\/\/arnaud-delmarle.com\/index.php\/2025\/02\/09\/mention-speciale-du-jury-queer-2025\/\" title=\"Prix mention sp\u00e9ciale du jury queer m\u00e9trage au Festival du court m\u00e9trage de Clermont-Ferrand 2025\">Prix mention sp\u00e9ciale du jury queer m\u00e9trage au Festival du court m\u00e9trage de Clermont-Ferrand 2025<\/a>\n\t\t\t<\/h3>\t\t\t\t\t\t\t\t<div class=\"bdt-text\" data-reveal=\"reveal-active\">\n\t\t\t<p>Incroyable ! Big Boys Don&#8217;t Cry remporte la mention sp\u00e9ciale du jury queer m\u00e9trage au festival international du court m\u00e9trage de Clermont-Ferrand 2025 ! <\/p>\n\t\t<\/div>\n\t\t\n\t\t\t\t\t\t\t\t\t\t\t\t\t<div class=\"bdt-meta bdt-flex-inline\" data-reveal=\"reveal-active\">\n\t\t\t\t\t\t\t\t\t\t<div class=\"bdt-date-time\">\n\t\t\t<div class=\"bdt-date\">\n\t\t\t\t<i class=\"ps-wi-calendar\" aria-hidden=\"true\"><\/i>\n\t\t\t\t<span>\n\t\t\t\t\t9 February 2025\t\t\t\t<\/span>\n\n\t\t\t<\/div>\n\t\t\t\t\t<\/div>\n\n\t\t\t\t\t\t\t\t\t<\/div>\n\t\t\t\t\t\t\t\t\t\t\t<\/div>\n\t\t\t\t<\/div>\n\n\t\t\t\t\n\t\t\t\t<div class=\"bdt-item  swiper-slide\">\n\t\t\t\t\t<div class=\"bdt-slider-progress\"><\/div>\n\t\t\t\t\t<div class=\"bdt-img-wrap\">\n\t\t\t\t\t\t<img loading=\"lazy\" decoding=\"async\" width=\"2560\" height=\"1920\" src=\"https:\/\/arnaud-delmarle.com\/wp-content\/uploads\/2024\/12\/clap_de_fin_page_photo_actualites-scaled.jpg\" class=\"bdt-img swiper-lazy\" alt=\"Clap de fin pour Big Boys Don&#8217;t Cry\" srcset=\"https:\/\/arnaud-delmarle.com\/wp-content\/uploads\/2024\/12\/clap_de_fin_page_photo_actualites-scaled.jpg 2560w, https:\/\/arnaud-delmarle.com\/wp-content\/uploads\/2024\/12\/clap_de_fin_page_photo_actualites-300x225.jpg 300w, https:\/\/arnaud-delmarle.com\/wp-content\/uploads\/2024\/12\/clap_de_fin_page_photo_actualites-1024x768.jpg 1024w, https:\/\/arnaud-delmarle.com\/wp-content\/uploads\/2024\/12\/clap_de_fin_page_photo_actualites-768x576.jpg 768w, https:\/\/arnaud-delmarle.com\/wp-content\/uploads\/2024\/12\/clap_de_fin_page_photo_actualites-1536x1152.jpg 1536w, https:\/\/arnaud-delmarle.com\/wp-content\/uploads\/2024\/12\/clap_de_fin_page_photo_actualites-2048x1536.jpg 2048w, https:\/\/arnaud-delmarle.com\/wp-content\/uploads\/2024\/12\/clap_de_fin_page_photo_actualites-200x150.jpg 200w\" sizes=\"(max-width: 2560px) 100vw, 2560px\" \/>\t\t\t\t\t\t\t\t\t\t\t\t\t<div class=\"bdt-read-more\">\n\t\t\t\t\t\t\t\t<a data-reveal=\"reveal-active\" href=\"https:\/\/arnaud-delmarle.com\/index.php\/2024\/06\/03\/clap-de-fin-bbdc\/\">\n\t\t\t\t\t\t\t\t\t<i class=\"ps-wi-link\"><\/i>\n\t\t\t\t\t\t\t\t\t<span>\n\t\t\t\t\t\t\t\t\t\tEn lire plus\t\t\t\t\t\t\t\t\t<\/span>\n\t\t\t\t\t\t\t\t<\/a>\n\t\t\t\t\t\t\t<\/div>\n\t\t\t\t\t\t\t\t\t\t\t<\/div>\n\t\t\t\t\t<div class=\"bdt-content\">\n\t\t\t\t\t\t\t\t\t\t\t\t<h3 class=\"bdt-title\" data-reveal=\"reveal-active\">\n\t\t\t\t<a href=\"https:\/\/arnaud-delmarle.com\/index.php\/2024\/06\/03\/clap-de-fin-bbdc\/\" title=\"Clap de fin pour Big Boys Don&#8217;t Cry\">Clap de fin pour Big Boys Don&#8217;t Cry<\/a>\n\t\t\t<\/h3>\t\t\t\t\t\t\t\t<div class=\"bdt-text\" data-reveal=\"reveal-active\">\n\t\t\t<p>Et c&#8217;est une fin de tournage pour Big Boys Don&#8217;t Cry apr\u00e8s 8 jours pass\u00e9s dans le petit village de Saint-Chamas\u2026<\/p>\n\t\t<\/div>\n\t\t\n\t\t\t\t\t\t\t\t\t\t\t\t\t<div class=\"bdt-meta bdt-flex-inline\" data-reveal=\"reveal-active\">\n\t\t\t\t\t\t\t\t\t\t<div class=\"bdt-date-time\">\n\t\t\t<div class=\"bdt-date\">\n\t\t\t\t<i class=\"ps-wi-calendar\" aria-hidden=\"true\"><\/i>\n\t\t\t\t<span>\n\t\t\t\t\t3 June 2024\t\t\t\t<\/span>\n\n\t\t\t<\/div>\n\t\t\t\t\t<\/div>\n\n\t\t\t\t\t\t\t\t\t<\/div>\n\t\t\t\t\t\t\t\t\t\t\t<\/div>\n\t\t\t\t<\/div>\n\n\t\t\t\t\t\t\t\t\t<\/div>\n\t\t\t\t<\/div>\n\t\t\t\t\t\t\t\t<div thumbsSlider=\"\" class=\"bdt-thumb-slider swiper\">\n\t\t\t\t\t<div class=\"swiper-wrapper\">\n\t\t\t\t\t\t\n\t\t\t\t<div class=\"bdt-item swiper-slide\">\n\t\t\t\t\t<div class=\"bdt-content\">\n\t\t\t\t\t\t<h3 class=\"bdt-title\" data-reveal=\"reveal-active\">\n                <a href=\"https:\/\/arnaud-delmarle.com\/index.php\/2025\/04\/25\/selection-festival-de-cabourg\/\" title=\"S\u00e9lection comp\u00e9tition au Festival du film romantique de Cabourg 2025 | Le GREC\">\n                    S\u00e9lection comp\u00e9tition au Festival du film romantique de Cabourg 2025 | Le GREC\n                <\/a>\n            <\/h3>\t\t\t\t\t\t\n\t\t\t\t\t<\/div>\n\t\t\t\t<\/div>\n\t\t\t\t\n\t\t\t\t<div class=\"bdt-item swiper-slide\">\n\t\t\t\t\t<div class=\"bdt-content\">\n\t\t\t\t\t\t<h3 class=\"bdt-title\" data-reveal=\"reveal-active\">\n                <a href=\"https:\/\/arnaud-delmarle.com\/index.php\/2025\/04\/17\/prix-du-public-montlucon\/\" title=\"Prix du public au festival cin\u00e9 en herbe de Montlu\u00e7on pour les Big Boys\">\n                    Prix du public au festival cin\u00e9 en herbe de Montlu\u00e7on pour les Big Boys\n                <\/a>\n            <\/h3>\t\t\t\t\t\t\n\t\t\t\t\t<\/div>\n\t\t\t\t<\/div>\n\t\t\t\t\n\t\t\t\t<div class=\"bdt-item swiper-slide\">\n\t\t\t\t\t<div class=\"bdt-content\">\n\t\t\t\t\t\t<h3 class=\"bdt-title\" data-reveal=\"reveal-active\">\n                <a href=\"https:\/\/arnaud-delmarle.com\/index.php\/2025\/03\/18\/selection-cote-court-pantin-2025\/\" title=\"S\u00e9lection comp\u00e9tition au Festival C\u00f4t\u00e9 court de Pantin 2025 | Le GREC\">\n                    S\u00e9lection comp\u00e9tition au Festival C\u00f4t\u00e9 court de Pantin 2025 | Le GREC\n                <\/a>\n            <\/h3>\t\t\t\t\t\t\n\t\t\t\t\t<\/div>\n\t\t\t\t<\/div>\n\t\t\t\t\n\t\t\t\t<div class=\"bdt-item swiper-slide\">\n\t\t\t\t\t<div class=\"bdt-content\">\n\t\t\t\t\t\t<h3 class=\"bdt-title\" data-reveal=\"reveal-active\">\n                <a href=\"https:\/\/arnaud-delmarle.com\/index.php\/2025\/02\/09\/mention-speciale-du-jury-queer-2025\/\" title=\"Prix mention sp\u00e9ciale du jury queer m\u00e9trage au Festival du court m\u00e9trage de Clermont-Ferrand 2025\">\n                    Prix mention sp\u00e9ciale du jury queer m\u00e9trage au Festival du court m\u00e9trage de Clermont-Ferrand 2025\n                <\/a>\n            <\/h3>\t\t\t\t\t\t\n\t\t\t\t\t<\/div>\n\t\t\t\t<\/div>\n\t\t\t\t\n\t\t\t\t<div class=\"bdt-item swiper-slide\">\n\t\t\t\t\t<div class=\"bdt-content\">\n\t\t\t\t\t\t<h3 class=\"bdt-title\" data-reveal=\"reveal-active\">\n                <a href=\"https:\/\/arnaud-delmarle.com\/index.php\/2024\/06\/03\/clap-de-fin-bbdc\/\" title=\"Clap de fin pour Big Boys Don&#8217;t Cry\">\n                    Clap de fin pour Big Boys Don&#8217;t Cry\n                <\/a>\n            <\/h3>\t\t\t\t\t\t\n\t\t\t\t\t<\/div>\n\t\t\t\t<\/div>\n\t\t\t\t\t\t\t\t\t<\/div>\n\t\t\t\t<\/div>\n\n\t\t\t<\/div>\n\t\t<\/div>\n\t\t\t\t\t\t<\/div>\n\t\t\t\t<\/div>\n\t\t\t\t\t<\/div>\n\t\t\t\t<\/div>\n\t\t<div class=\"elementor-element elementor-element-1983698 e-con-full e-flex e-con e-parent\" data-id=\"1983698\" data-element_type=\"container\" data-e-type=\"container\">\n\t\t<div class=\"elementor-element elementor-element-b6b1d97 e-con-full e-flex e-con e-child\" data-id=\"b6b1d97\" data-element_type=\"container\" data-e-type=\"container\">\n\t\t\t\t<\/div>\n\t\t\t\t<\/div>\n\t\t\t\t<\/div>\n\t\t","protected":false},"excerpt":{"rendered":"<p>Gr\u00e2ce \u00e0 la r\u00e9gion Normandie dont je suis originaire, je suis tr\u00e8s heureux d&#8217;avoir pitch\u00e9 mon second projet de court-m\u00e9trage Margot&#8230;<\/p>\n","protected":false},"author":1,"featured_media":2397,"comment_status":"closed","ping_status":"closed","sticky":false,"template":"elementor_header_footer","format":"standard","meta":{"_uag_custom_page_level_css":"","site-sidebar-layout":"no-sidebar","site-content-layout":"plain-container","ast-site-content-layout":"normal-width-container","site-content-style":"unboxed","site-sidebar-style":"unboxed","ast-global-header-display":"","ast-banner-title-visibility":"","ast-main-header-display":"","ast-hfb-above-header-display":"","ast-hfb-below-header-display":"","ast-hfb-mobile-header-display":"","site-post-title":"disabled","ast-breadcrumbs-content":"","ast-featured-img":"disabled","footer-sml-layout":"","theme-transparent-header-meta":"enabled","adv-header-id-meta":"","stick-header-meta":"","header-above-stick-meta":"","header-main-stick-meta":"","header-below-stick-meta":"","astra-migrate-meta-layouts":"set","ngg_post_thumbnail":0,"_vp_format_video_url":"","_vp_image_focal_point":[],"footnotes":""},"categories":[1],"tags":[],"class_list":["post-4667","post","type-post","status-publish","format-standard","has-post-thumbnail","hentry","category-blog"],"yoast_head":"<!-- This site is optimized with the Yoast SEO plugin v27.5 - https:\/\/yoast.com\/product\/yoast-seo-wordpress\/ -->\n<title>Pitch au festival de Clermont-Ferrand -<\/title>\n<meta name=\"robots\" content=\"index, follow, max-snippet:-1, max-image-preview:large, max-video-preview:-1\" \/>\n<link rel=\"canonical\" href=\"https:\/\/arnaud-delmarle.com\/index.php\/2023\/01\/28\/pitch-margot-clermont\/\" \/>\n<meta property=\"og:locale\" content=\"en_US\" \/>\n<meta property=\"og:type\" content=\"article\" \/>\n<meta property=\"og:title\" content=\"Pitch au festival de Clermont-Ferrand -\" \/>\n<meta property=\"og:description\" content=\"Gr\u00e2ce \u00e0 la r\u00e9gion Normandie dont je suis originaire, je suis tr\u00e8s heureux d&#039;avoir pitch\u00e9 mon second projet de court-m\u00e9trage Margot...\" \/>\n<meta property=\"og:url\" content=\"https:\/\/arnaud-delmarle.com\/index.php\/2023\/01\/28\/pitch-margot-clermont\/\" \/>\n<meta property=\"article:published_time\" content=\"2023-01-28T18:07:57+00:00\" \/>\n<meta property=\"article:modified_time\" content=\"2026-03-09T18:57:28+00:00\" \/>\n<meta property=\"og:image\" content=\"http:\/\/arnaud-delmarle.com\/wp-content\/uploads\/2023\/11\/Margo_actualites_format_news-scaled.jpg\" \/>\n\t<meta property=\"og:image:width\" content=\"2560\" \/>\n\t<meta property=\"og:image:height\" content=\"1920\" \/>\n\t<meta property=\"og:image:type\" content=\"image\/jpeg\" \/>\n<meta name=\"author\" content=\"arnaud-delmarle.com\" \/>\n<meta name=\"twitter:card\" content=\"summary_large_image\" \/>\n<meta name=\"twitter:label1\" content=\"Written by\" \/>\n\t<meta name=\"twitter:data1\" content=\"arnaud-delmarle.com\" \/>\n\t<meta name=\"twitter:label2\" content=\"Est. reading time\" \/>\n\t<meta name=\"twitter:data2\" content=\"10 minutes\" \/>\n<script type=\"application\/ld+json\" class=\"yoast-schema-graph\">{\"@context\":\"https:\\\/\\\/schema.org\",\"@graph\":[{\"@type\":\"Article\",\"@id\":\"https:\\\/\\\/arnaud-delmarle.com\\\/index.php\\\/2023\\\/01\\\/28\\\/pitch-margot-clermont\\\/#article\",\"isPartOf\":{\"@id\":\"https:\\\/\\\/arnaud-delmarle.com\\\/index.php\\\/2023\\\/01\\\/28\\\/pitch-margot-clermont\\\/\"},\"author\":{\"name\":\"arnaud-delmarle.com\",\"@id\":\"https:\\\/\\\/arnaud-delmarle.com\\\/#\\\/schema\\\/person\\\/37f523eaaefb539285b68b36d5bd7827\"},\"headline\":\"Pitch au festival de Clermont-Ferrand\",\"datePublished\":\"2023-01-28T18:07:57+00:00\",\"dateModified\":\"2026-03-09T18:57:28+00:00\",\"mainEntityOfPage\":{\"@id\":\"https:\\\/\\\/arnaud-delmarle.com\\\/index.php\\\/2023\\\/01\\\/28\\\/pitch-margot-clermont\\\/\"},\"wordCount\":608,\"image\":{\"@id\":\"https:\\\/\\\/arnaud-delmarle.com\\\/index.php\\\/2023\\\/01\\\/28\\\/pitch-margot-clermont\\\/#primaryimage\"},\"thumbnailUrl\":\"https:\\\/\\\/arnaud-delmarle.com\\\/wp-content\\\/uploads\\\/2023\\\/11\\\/Margo_actualites_format_news-scaled.jpg\",\"articleSection\":[\"Blog\"],\"inLanguage\":\"en-US\"},{\"@type\":\"WebPage\",\"@id\":\"https:\\\/\\\/arnaud-delmarle.com\\\/index.php\\\/2023\\\/01\\\/28\\\/pitch-margot-clermont\\\/\",\"url\":\"https:\\\/\\\/arnaud-delmarle.com\\\/index.php\\\/2023\\\/01\\\/28\\\/pitch-margot-clermont\\\/\",\"name\":\"Pitch au festival de Clermont-Ferrand -\",\"isPartOf\":{\"@id\":\"https:\\\/\\\/arnaud-delmarle.com\\\/#website\"},\"primaryImageOfPage\":{\"@id\":\"https:\\\/\\\/arnaud-delmarle.com\\\/index.php\\\/2023\\\/01\\\/28\\\/pitch-margot-clermont\\\/#primaryimage\"},\"image\":{\"@id\":\"https:\\\/\\\/arnaud-delmarle.com\\\/index.php\\\/2023\\\/01\\\/28\\\/pitch-margot-clermont\\\/#primaryimage\"},\"thumbnailUrl\":\"https:\\\/\\\/arnaud-delmarle.com\\\/wp-content\\\/uploads\\\/2023\\\/11\\\/Margo_actualites_format_news-scaled.jpg\",\"datePublished\":\"2023-01-28T18:07:57+00:00\",\"dateModified\":\"2026-03-09T18:57:28+00:00\",\"author\":{\"@id\":\"https:\\\/\\\/arnaud-delmarle.com\\\/#\\\/schema\\\/person\\\/37f523eaaefb539285b68b36d5bd7827\"},\"breadcrumb\":{\"@id\":\"https:\\\/\\\/arnaud-delmarle.com\\\/index.php\\\/2023\\\/01\\\/28\\\/pitch-margot-clermont\\\/#breadcrumb\"},\"inLanguage\":\"en-US\",\"potentialAction\":[{\"@type\":\"ReadAction\",\"target\":[\"https:\\\/\\\/arnaud-delmarle.com\\\/index.php\\\/2023\\\/01\\\/28\\\/pitch-margot-clermont\\\/\"]}]},{\"@type\":\"ImageObject\",\"inLanguage\":\"en-US\",\"@id\":\"https:\\\/\\\/arnaud-delmarle.com\\\/index.php\\\/2023\\\/01\\\/28\\\/pitch-margot-clermont\\\/#primaryimage\",\"url\":\"https:\\\/\\\/arnaud-delmarle.com\\\/wp-content\\\/uploads\\\/2023\\\/11\\\/Margo_actualites_format_news-scaled.jpg\",\"contentUrl\":\"https:\\\/\\\/arnaud-delmarle.com\\\/wp-content\\\/uploads\\\/2023\\\/11\\\/Margo_actualites_format_news-scaled.jpg\",\"width\":2560,\"height\":1920},{\"@type\":\"BreadcrumbList\",\"@id\":\"https:\\\/\\\/arnaud-delmarle.com\\\/index.php\\\/2023\\\/01\\\/28\\\/pitch-margot-clermont\\\/#breadcrumb\",\"itemListElement\":[{\"@type\":\"ListItem\",\"position\":1,\"name\":\"Accueil\",\"item\":\"https:\\\/\\\/arnaud-delmarle.com\\\/\"},{\"@type\":\"ListItem\",\"position\":2,\"name\":\"Pitch au festival de Clermont-Ferrand\"}]},{\"@type\":\"WebSite\",\"@id\":\"https:\\\/\\\/arnaud-delmarle.com\\\/#website\",\"url\":\"https:\\\/\\\/arnaud-delmarle.com\\\/\",\"name\":\"\",\"description\":\"\",\"potentialAction\":[{\"@type\":\"SearchAction\",\"target\":{\"@type\":\"EntryPoint\",\"urlTemplate\":\"https:\\\/\\\/arnaud-delmarle.com\\\/?s={search_term_string}\"},\"query-input\":{\"@type\":\"PropertyValueSpecification\",\"valueRequired\":true,\"valueName\":\"search_term_string\"}}],\"inLanguage\":\"en-US\"},{\"@type\":\"Person\",\"@id\":\"https:\\\/\\\/arnaud-delmarle.com\\\/#\\\/schema\\\/person\\\/37f523eaaefb539285b68b36d5bd7827\",\"name\":\"arnaud-delmarle.com\",\"image\":{\"@type\":\"ImageObject\",\"inLanguage\":\"en-US\",\"@id\":\"https:\\\/\\\/secure.gravatar.com\\\/avatar\\\/9340ab714b158a4cb3b94cb6380ac99985609e1297de51a366e7e83071861673?s=96&d=mm&r=g\",\"url\":\"https:\\\/\\\/secure.gravatar.com\\\/avatar\\\/9340ab714b158a4cb3b94cb6380ac99985609e1297de51a366e7e83071861673?s=96&d=mm&r=g\",\"contentUrl\":\"https:\\\/\\\/secure.gravatar.com\\\/avatar\\\/9340ab714b158a4cb3b94cb6380ac99985609e1297de51a366e7e83071861673?s=96&d=mm&r=g\",\"caption\":\"arnaud-delmarle.com\"},\"sameAs\":[\"http:\\\/\\\/arnaud-delmarle.com\"],\"url\":\"https:\\\/\\\/arnaud-delmarle.com\\\/index.php\\\/author\\\/arnaud-delmarle-com\\\/\"}]}<\/script>\n<!-- \/ Yoast SEO plugin. -->","yoast_head_json":{"title":"Pitch au festival de Clermont-Ferrand -","robots":{"index":"index","follow":"follow","max-snippet":"max-snippet:-1","max-image-preview":"max-image-preview:large","max-video-preview":"max-video-preview:-1"},"canonical":"https:\/\/arnaud-delmarle.com\/index.php\/2023\/01\/28\/pitch-margot-clermont\/","og_locale":"en_US","og_type":"article","og_title":"Pitch au festival de Clermont-Ferrand -","og_description":"Gr\u00e2ce \u00e0 la r\u00e9gion Normandie dont je suis originaire, je suis tr\u00e8s heureux d'avoir pitch\u00e9 mon second projet de court-m\u00e9trage Margot...","og_url":"https:\/\/arnaud-delmarle.com\/index.php\/2023\/01\/28\/pitch-margot-clermont\/","article_published_time":"2023-01-28T18:07:57+00:00","article_modified_time":"2026-03-09T18:57:28+00:00","og_image":[{"width":2560,"height":1920,"url":"http:\/\/arnaud-delmarle.com\/wp-content\/uploads\/2023\/11\/Margo_actualites_format_news-scaled.jpg","type":"image\/jpeg"}],"author":"arnaud-delmarle.com","twitter_card":"summary_large_image","twitter_misc":{"Written by":"arnaud-delmarle.com","Est. reading time":"10 minutes"},"schema":{"@context":"https:\/\/schema.org","@graph":[{"@type":"Article","@id":"https:\/\/arnaud-delmarle.com\/index.php\/2023\/01\/28\/pitch-margot-clermont\/#article","isPartOf":{"@id":"https:\/\/arnaud-delmarle.com\/index.php\/2023\/01\/28\/pitch-margot-clermont\/"},"author":{"name":"arnaud-delmarle.com","@id":"https:\/\/arnaud-delmarle.com\/#\/schema\/person\/37f523eaaefb539285b68b36d5bd7827"},"headline":"Pitch au festival de Clermont-Ferrand","datePublished":"2023-01-28T18:07:57+00:00","dateModified":"2026-03-09T18:57:28+00:00","mainEntityOfPage":{"@id":"https:\/\/arnaud-delmarle.com\/index.php\/2023\/01\/28\/pitch-margot-clermont\/"},"wordCount":608,"image":{"@id":"https:\/\/arnaud-delmarle.com\/index.php\/2023\/01\/28\/pitch-margot-clermont\/#primaryimage"},"thumbnailUrl":"https:\/\/arnaud-delmarle.com\/wp-content\/uploads\/2023\/11\/Margo_actualites_format_news-scaled.jpg","articleSection":["Blog"],"inLanguage":"en-US"},{"@type":"WebPage","@id":"https:\/\/arnaud-delmarle.com\/index.php\/2023\/01\/28\/pitch-margot-clermont\/","url":"https:\/\/arnaud-delmarle.com\/index.php\/2023\/01\/28\/pitch-margot-clermont\/","name":"Pitch au festival de Clermont-Ferrand -","isPartOf":{"@id":"https:\/\/arnaud-delmarle.com\/#website"},"primaryImageOfPage":{"@id":"https:\/\/arnaud-delmarle.com\/index.php\/2023\/01\/28\/pitch-margot-clermont\/#primaryimage"},"image":{"@id":"https:\/\/arnaud-delmarle.com\/index.php\/2023\/01\/28\/pitch-margot-clermont\/#primaryimage"},"thumbnailUrl":"https:\/\/arnaud-delmarle.com\/wp-content\/uploads\/2023\/11\/Margo_actualites_format_news-scaled.jpg","datePublished":"2023-01-28T18:07:57+00:00","dateModified":"2026-03-09T18:57:28+00:00","author":{"@id":"https:\/\/arnaud-delmarle.com\/#\/schema\/person\/37f523eaaefb539285b68b36d5bd7827"},"breadcrumb":{"@id":"https:\/\/arnaud-delmarle.com\/index.php\/2023\/01\/28\/pitch-margot-clermont\/#breadcrumb"},"inLanguage":"en-US","potentialAction":[{"@type":"ReadAction","target":["https:\/\/arnaud-delmarle.com\/index.php\/2023\/01\/28\/pitch-margot-clermont\/"]}]},{"@type":"ImageObject","inLanguage":"en-US","@id":"https:\/\/arnaud-delmarle.com\/index.php\/2023\/01\/28\/pitch-margot-clermont\/#primaryimage","url":"https:\/\/arnaud-delmarle.com\/wp-content\/uploads\/2023\/11\/Margo_actualites_format_news-scaled.jpg","contentUrl":"https:\/\/arnaud-delmarle.com\/wp-content\/uploads\/2023\/11\/Margo_actualites_format_news-scaled.jpg","width":2560,"height":1920},{"@type":"BreadcrumbList","@id":"https:\/\/arnaud-delmarle.com\/index.php\/2023\/01\/28\/pitch-margot-clermont\/#breadcrumb","itemListElement":[{"@type":"ListItem","position":1,"name":"Accueil","item":"https:\/\/arnaud-delmarle.com\/"},{"@type":"ListItem","position":2,"name":"Pitch au festival de Clermont-Ferrand"}]},{"@type":"WebSite","@id":"https:\/\/arnaud-delmarle.com\/#website","url":"https:\/\/arnaud-delmarle.com\/","name":"","description":"","potentialAction":[{"@type":"SearchAction","target":{"@type":"EntryPoint","urlTemplate":"https:\/\/arnaud-delmarle.com\/?s={search_term_string}"},"query-input":{"@type":"PropertyValueSpecification","valueRequired":true,"valueName":"search_term_string"}}],"inLanguage":"en-US"},{"@type":"Person","@id":"https:\/\/arnaud-delmarle.com\/#\/schema\/person\/37f523eaaefb539285b68b36d5bd7827","name":"arnaud-delmarle.com","image":{"@type":"ImageObject","inLanguage":"en-US","@id":"https:\/\/secure.gravatar.com\/avatar\/9340ab714b158a4cb3b94cb6380ac99985609e1297de51a366e7e83071861673?s=96&d=mm&r=g","url":"https:\/\/secure.gravatar.com\/avatar\/9340ab714b158a4cb3b94cb6380ac99985609e1297de51a366e7e83071861673?s=96&d=mm&r=g","contentUrl":"https:\/\/secure.gravatar.com\/avatar\/9340ab714b158a4cb3b94cb6380ac99985609e1297de51a366e7e83071861673?s=96&d=mm&r=g","caption":"arnaud-delmarle.com"},"sameAs":["http:\/\/arnaud-delmarle.com"],"url":"https:\/\/arnaud-delmarle.com\/index.php\/author\/arnaud-delmarle-com\/"}]}},"uagb_featured_image_src":{"full":["https:\/\/arnaud-delmarle.com\/wp-content\/uploads\/2023\/11\/Margo_actualites_format_news-scaled.jpg",2560,1920,false],"thumbnail":["https:\/\/arnaud-delmarle.com\/wp-content\/uploads\/2023\/11\/Margo_actualites_format_news-150x150.jpg",150,150,true],"medium":["https:\/\/arnaud-delmarle.com\/wp-content\/uploads\/2023\/11\/Margo_actualites_format_news-300x225.jpg",300,225,true],"medium_large":["https:\/\/arnaud-delmarle.com\/wp-content\/uploads\/2023\/11\/Margo_actualites_format_news-768x576.jpg",768,576,true],"large":["https:\/\/arnaud-delmarle.com\/wp-content\/uploads\/2023\/11\/Margo_actualites_format_news-1024x768.jpg",1024,768,true],"1536x1536":["https:\/\/arnaud-delmarle.com\/wp-content\/uploads\/2023\/11\/Margo_actualites_format_news-1536x1152.jpg",1536,1152,true],"2048x2048":["https:\/\/arnaud-delmarle.com\/wp-content\/uploads\/2023\/11\/Margo_actualites_format_news-2048x1536.jpg",2048,1536,true],"depicter-thumbnail":["https:\/\/arnaud-delmarle.com\/wp-content\/uploads\/2023\/11\/Margo_actualites_format_news-200x150.jpg",200,150,true],"vp_sm":["https:\/\/arnaud-delmarle.com\/wp-content\/uploads\/2023\/11\/Margo_actualites_format_news-scaled.jpg",500,375,false],"vp_md":["https:\/\/arnaud-delmarle.com\/wp-content\/uploads\/2023\/11\/Margo_actualites_format_news-scaled.jpg",800,600,false],"vp_lg":["https:\/\/arnaud-delmarle.com\/wp-content\/uploads\/2023\/11\/Margo_actualites_format_news-scaled.jpg",1280,960,false],"vp_xl":["https:\/\/arnaud-delmarle.com\/wp-content\/uploads\/2023\/11\/Margo_actualites_format_news-scaled.jpg",1920,1440,false],"vp_sm_popup":["https:\/\/arnaud-delmarle.com\/wp-content\/uploads\/2023\/11\/Margo_actualites_format_news-scaled.jpg",500,375,false],"vp_md_popup":["https:\/\/arnaud-delmarle.com\/wp-content\/uploads\/2023\/11\/Margo_actualites_format_news-scaled.jpg",800,600,false],"vp_xl_popup":["https:\/\/arnaud-delmarle.com\/wp-content\/uploads\/2023\/11\/Margo_actualites_format_news-scaled.jpg",1920,1440,false],"tlp-portfolio-thumb":["https:\/\/arnaud-delmarle.com\/wp-content\/uploads\/2023\/11\/Margo_actualites_format_news-350x250.jpg",350,250,true]},"uagb_author_info":{"display_name":"arnaud-delmarle.com","author_link":"https:\/\/arnaud-delmarle.com\/index.php\/author\/arnaud-delmarle-com\/"},"uagb_comment_info":0,"uagb_excerpt":"Gr\u00e2ce \u00e0 la r\u00e9gion Normandie dont je suis originaire, je suis tr\u00e8s heureux d'avoir pitch\u00e9 mon second projet de court-m\u00e9trage Margot...","rttpg_featured_image_url":{"full":["https:\/\/arnaud-delmarle.com\/wp-content\/uploads\/2023\/11\/Margo_actualites_format_news-scaled.jpg",2560,1920,false],"landscape":["https:\/\/arnaud-delmarle.com\/wp-content\/uploads\/2023\/11\/Margo_actualites_format_news-scaled.jpg",2560,1920,false],"portraits":["https:\/\/arnaud-delmarle.com\/wp-content\/uploads\/2023\/11\/Margo_actualites_format_news-scaled.jpg",2560,1920,false],"thumbnail":["https:\/\/arnaud-delmarle.com\/wp-content\/uploads\/2023\/11\/Margo_actualites_format_news-150x150.jpg",150,150,true],"medium":["https:\/\/arnaud-delmarle.com\/wp-content\/uploads\/2023\/11\/Margo_actualites_format_news-300x225.jpg",300,225,true],"large":["https:\/\/arnaud-delmarle.com\/wp-content\/uploads\/2023\/11\/Margo_actualites_format_news-1024x768.jpg",1024,768,true],"1536x1536":["https:\/\/arnaud-delmarle.com\/wp-content\/uploads\/2023\/11\/Margo_actualites_format_news-1536x1152.jpg",1536,1152,true],"2048x2048":["https:\/\/arnaud-delmarle.com\/wp-content\/uploads\/2023\/11\/Margo_actualites_format_news-2048x1536.jpg",2048,1536,true],"depicter-thumbnail":["https:\/\/arnaud-delmarle.com\/wp-content\/uploads\/2023\/11\/Margo_actualites_format_news-200x150.jpg",200,150,true],"vp_sm":["https:\/\/arnaud-delmarle.com\/wp-content\/uploads\/2023\/11\/Margo_actualites_format_news-scaled.jpg",500,375,false],"vp_md":["https:\/\/arnaud-delmarle.com\/wp-content\/uploads\/2023\/11\/Margo_actualites_format_news-scaled.jpg",800,600,false],"vp_lg":["https:\/\/arnaud-delmarle.com\/wp-content\/uploads\/2023\/11\/Margo_actualites_format_news-scaled.jpg",1280,960,false],"vp_xl":["https:\/\/arnaud-delmarle.com\/wp-content\/uploads\/2023\/11\/Margo_actualites_format_news-scaled.jpg",1920,1440,false],"vp_sm_popup":["https:\/\/arnaud-delmarle.com\/wp-content\/uploads\/2023\/11\/Margo_actualites_format_news-scaled.jpg",500,375,false],"vp_md_popup":["https:\/\/arnaud-delmarle.com\/wp-content\/uploads\/2023\/11\/Margo_actualites_format_news-scaled.jpg",800,600,false],"vp_xl_popup":["https:\/\/arnaud-delmarle.com\/wp-content\/uploads\/2023\/11\/Margo_actualites_format_news-scaled.jpg",1920,1440,false],"tlp-portfolio-thumb":["https:\/\/arnaud-delmarle.com\/wp-content\/uploads\/2023\/11\/Margo_actualites_format_news-350x250.jpg",350,250,true]},"rttpg_author":{"display_name":"arnaud-delmarle.com","author_link":"https:\/\/arnaud-delmarle.com\/index.php\/author\/arnaud-delmarle-com\/"},"rttpg_comment":0,"rttpg_category":"<a href=\"https:\/\/arnaud-delmarle.com\/index.php\/category\/blog\/\" rel=\"category tag\">Blog<\/a>","rttpg_excerpt":"Gr\u00e2ce \u00e0 la r\u00e9gion Normandie dont je suis originaire, je suis tr\u00e8s heureux d'avoir pitch\u00e9 mon second projet de court-m\u00e9trage Margot...","_links":{"self":[{"href":"https:\/\/arnaud-delmarle.com\/index.php\/wp-json\/wp\/v2\/posts\/4667","targetHints":{"allow":["GET"]}}],"collection":[{"href":"https:\/\/arnaud-delmarle.com\/index.php\/wp-json\/wp\/v2\/posts"}],"about":[{"href":"https:\/\/arnaud-delmarle.com\/index.php\/wp-json\/wp\/v2\/types\/post"}],"author":[{"embeddable":true,"href":"https:\/\/arnaud-delmarle.com\/index.php\/wp-json\/wp\/v2\/users\/1"}],"replies":[{"embeddable":true,"href":"https:\/\/arnaud-delmarle.com\/index.php\/wp-json\/wp\/v2\/comments?post=4667"}],"version-history":[{"count":59,"href":"https:\/\/arnaud-delmarle.com\/index.php\/wp-json\/wp\/v2\/posts\/4667\/revisions"}],"predecessor-version":[{"id":6926,"href":"https:\/\/arnaud-delmarle.com\/index.php\/wp-json\/wp\/v2\/posts\/4667\/revisions\/6926"}],"wp:featuredmedia":[{"embeddable":true,"href":"https:\/\/arnaud-delmarle.com\/index.php\/wp-json\/wp\/v2\/media\/2397"}],"wp:attachment":[{"href":"https:\/\/arnaud-delmarle.com\/index.php\/wp-json\/wp\/v2\/media?parent=4667"}],"wp:term":[{"taxonomy":"category","embeddable":true,"href":"https:\/\/arnaud-delmarle.com\/index.php\/wp-json\/wp\/v2\/categories?post=4667"},{"taxonomy":"post_tag","embeddable":true,"href":"https:\/\/arnaud-delmarle.com\/index.php\/wp-json\/wp\/v2\/tags?post=4667"}],"curies":[{"name":"wp","href":"https:\/\/api.w.org\/{rel}","templated":true}]}}